{"id":11679,"date":"2025-08-21T10:00:00","date_gmt":"2025-08-21T07:00:00","guid":{"rendered":"https:\/\/www.utep.org.tr\/official-visit-to-deputy-minister-of-interior-muni%cc%87r-karaloglu-from-our-ankara-branch\/"},"modified":"2025-09-09T09:43:56","modified_gmt":"2025-09-09T06:43:56","slug":"official-visit-to-deputy-minister-of-interior-muni%cc%87r-karaloglu-from-our-ankara-branch","status":"publish","type":"post","link":"https:\/\/www.utep.org.tr\/en\/official-visit-to-deputy-minister-of-interior-muni%cc%87r-karaloglu-from-our-ankara-branch\/","title":{"rendered":"OFFICIAL VISIT TO DEPUTY MINISTER OF INTERIOR M\u00dcN\u0130R KARALO\u011eLU FROM OUR ANKARA BRANCH!"},"content":{"rendered":"\n<p>UTEP Ankara Branch President Mr. Metin Pile, Trade Commission President Mr. Alper \u00c7opur, and the accompanying delegation visited Deputy Minister of Interior Mr. M\u00fcnir Karalo\u011flu in his office on August 21, 2025.<\/p>\n\n<p>During the visit, evaluations were made regarding inter-institutional cooperation and common areas of work.<\/p>\n\n<figure class=\"wp-block-image size-large\"><img fetchpriority=\"high\" decoding=\"async\" width=\"851\" height=\"1024\" src=\"https:\/\/www.utep.org.tr\/wp-content\/uploads\/2025\/08\/munir-karaloglu-ziyaret-1-e1755933219595-851x1024.jpg\" alt=\"\" class=\"wp-image-11035\" srcset=\"https:\/\/www.utep.org.tr\/wp-content\/uploads\/2025\/08\/munir-karaloglu-ziyaret-1-e1755933219595-851x1024.jpg 851w, https:\/\/www.utep.org.tr\/wp-content\/uploads\/2025\/08\/munir-karaloglu-ziyaret-1-e1755933219595-249x300.jpg 249w, https:\/\/www.utep.org.tr\/wp-content\/uploads\/2025\/08\/munir-karaloglu-ziyaret-1-e1755933219595-768x924.jpg 768w, https:\/\/www.utep.org.tr\/wp-content\/uploads\/2025\/08\/munir-karaloglu-ziyaret-1-e1755933219595.jpg 1066w\" sizes=\"(max-width: 851px) 100vw, 851px\" \/><\/figure>\n\n<figure class=\"wp-block-image size-large\"><img decoding=\"async\" width=\"1024\" height=\"682\" src=\"https:\/\/www.utep.org.tr\/wp-content\/uploads\/2025\/08\/munir-karaloglu-ziyaret-2-1024x682.jpg\" alt=\"\" class=\"wp-image-11036\" srcset=\"https:\/\/www.utep.org.tr\/wp-content\/uploads\/2025\/08\/munir-karaloglu-ziyaret-2-1024x682.jpg 1024w, https:\/\/www.utep.org.tr\/wp-content\/uploads\/2025\/08\/munir-karaloglu-ziyaret-2-300x200.jpg 300w, https:\/\/www.utep.org.tr\/wp-content\/uploads\/2025\/08\/munir-karaloglu-ziyaret-2-768x512.jpg 768w, https:\/\/www.utep.org.tr\/wp-content\/uploads\/2025\/08\/munir-karaloglu-ziyaret-2-1536x1023.jpg 1536w, https:\/\/www.utep.org.tr\/wp-content\/uploads\/2025\/08\/munir-karaloglu-ziyaret-2.jpg 1600w\" sizes=\"(max-width: 1024px) 100vw, 1024px\" \/><\/figure>\n\n<p><\/p>\n","protected":false},"excerpt":{"rendered":"<p>UTEP Ankara Branch President Mr. Metin Pile, Trade Commission President Mr. Alper \u00c7opur, and the accompanying delegation visited Deputy Minister of Interior Mr. M\u00fcnir Karalo\u011flu in his office on August [&hellip;]<\/p>\n","protected":false},"author":1,"featured_media":11119,"comment_status":"open","ping_status":"open","sticky":false,"template":"","format":"standard","meta":{"footnotes":""},"categories":[199,145],"tags":[146,162,197,148],"class_list":["post-11679","post","type-post","status-publish","format-standard","has-post-thumbnail","hentry","category-ankara","category-visits","tag-collaboration","tag-corporate-visit","tag-ministry-of-interior","tag-visit"],"_links":{"self":[{"href":"https:\/\/www.utep.org.tr\/en\/wp-json\/wp\/v2\/posts\/11679","targetHints":{"allow":["GET"]}}],"collection":[{"href":"https:\/\/www.utep.org.tr\/en\/wp-json\/wp\/v2\/posts"}],"about":[{"href":"https:\/\/www.utep.org.tr\/en\/wp-json\/wp\/v2\/types\/post"}],"author":[{"embeddable":true,"href":"https:\/\/www.utep.org.tr\/en\/wp-json\/wp\/v2\/users\/1"}],"replies":[{"embeddable":true,"href":"https:\/\/www.utep.org.tr\/en\/wp-json\/wp\/v2\/comments?post=11679"}],"version-history":[{"count":3,"href":"https:\/\/www.utep.org.tr\/en\/wp-json\/wp\/v2\/posts\/11679\/revisions"}],"predecessor-version":[{"id":11682,"href":"https:\/\/www.utep.org.tr\/en\/wp-json\/wp\/v2\/posts\/11679\/revisions\/11682"}],"wp:featuredmedia":[{"embeddable":true,"href":"https:\/\/www.utep.org.tr\/en\/wp-json\/wp\/v2\/media\/11119"}],"wp:attachment":[{"href":"https:\/\/www.utep.org.tr\/en\/wp-json\/wp\/v2\/media?parent=11679"}],"wp:term":[{"taxonomy":"category","embeddable":true,"href":"https:\/\/www.utep.org.tr\/en\/wp-json\/wp\/v2\/categories?post=11679"},{"taxonomy":"post_tag","embeddable":true,"href":"https:\/\/www.utep.org.tr\/en\/wp-json\/wp\/v2\/tags?post=11679"}],"curies":[{"name":"wp","href":"https:\/\/api.w.org\/{rel}","templated":true}]}}